{"id":3530,"date":"2019-02-03T22:09:35","date_gmt":"2019-02-03T20:09:35","guid":{"rendered":"https:\/\/www.husumer-schachverein.de\/?p=3530"},"modified":"2019-02-03T22:09:35","modified_gmt":"2019-02-03T20:09:35","slug":"verbandsliga-a-erste-mannschaft-gewinnt-in-glueckstadt","status":"publish","type":"post","link":"https:\/\/www.husumer-schachverein.de\/?p=3530","title":{"rendered":"Verbandsliga A: Erste Mannschaft gewinnt in Gl\u00fcckstadt"},"content":{"rendered":"<div id=\"attachment_3531\" style=\"width: 610px\" class=\"wp-caption alignnone\"><img loading=\"lazy\" decoding=\"async\" aria-describedby=\"caption-attachment-3531\" src=\"https:\/\/www.husumer-schachverein.de\/wp-content\/uploads\/IMG_2543-300x225.jpg\" alt=\"\" width=\"600\" height=\"225\" class=\"size-medium wp-image-3531\" \/><p id=\"caption-attachment-3531\" class=\"wp-caption-text\">Die Anzeige in Gl\u00fcckstadt wies nach glanzvollen Siegen von Klaus Seeck und Birger Boyens bereits fr\u00fchzeitig auf einen Husumer Vorsprung hin und stellte am Ende den 5:3-Sieg der G\u00e4ste aus Husum fest<\/p><\/div>\n<p>Zum erwartet spannenden Duell im Mittelfeld der Verbandsliga  kam es zwischen der SG Gl\u00fcckstadt und dem Husumer SV. Beide Teams traten in Bestbesetzung an. Dabei erwischte die Husumer Mannschaft diesmal einen guten Start. Klaus Seeck und Birger Boyens spielten zwei herausragende Partien mit erfrischendem Angriffsschach und sorgten mit ihren Siegen f\u00fcr einen fr\u00fchen und beruhigenden 2-Punkte-Vorsprung. Daraufhin schalteten die Husumer Spieler auf Sicherheit. Alexander Walther, Josef K\u00f6gel, Thomas Lehr, Holger Ohst, Stephan Hecker sowie Tomas Renken einigten sich allesamt nacheinander mit ihren Gegnern auf remis, wenn auch zum Teil erst nach 5 Stunden Spieldauer.<br \/>\nMit diesem nie gef\u00e4hrdeten 5:3-Sieg in Gl\u00fcckstadt schlie\u00dft der Husumer SV mit nunmehr 7:5 Punkten zur oberen Tabellenh\u00e4lfte der Verbandsliga auf. In der n\u00e4chsten Runde empfangen die Husumer am 24. Februar zuhause den Itzehoer SV, der als Tabellenzweiter nach der \u00fcberraschenden heutigen Niederlage des Spitzenreiters SF Burg mit Titelambitionen anreisen wird.<\/p>\n","protected":false},"excerpt":{"rendered":"<p>Zum erwartet spannenden Duell im Mittelfeld der Verbandsliga kam es zwischen der SG Gl\u00fcckstadt und dem Husumer SV. Beide Teams traten in Bestbesetzung an. Dabei erwischte die Husumer Mannschaft diesmal einen guten Start. Klaus Seeck und Birger Boyens spielten zwei &hellip; <a href=\"https:\/\/www.husumer-schachverein.de\/?p=3530\">Weiterlesen <span class=\"meta-nav\">&rarr;<\/span><\/a><\/p>\n","protected":false},"author":7,"featured_media":0,"comment_status":"closed","ping_status":"closed","sticky":false,"template":"","format":"standard","meta":{"footnotes":""},"categories":[1],"tags":[],"class_list":["post-3530","post","type-post","status-publish","format-standard","hentry","category-allgemein"],"_links":{"self":[{"href":"https:\/\/www.husumer-schachverein.de\/index.php?rest_route=\/wp\/v2\/posts\/3530","targetHints":{"allow":["GET"]}}],"collection":[{"href":"https:\/\/www.husumer-schachverein.de\/index.php?rest_route=\/wp\/v2\/posts"}],"about":[{"href":"https:\/\/www.husumer-schachverein.de\/index.php?rest_route=\/wp\/v2\/types\/post"}],"author":[{"embeddable":true,"href":"https:\/\/www.husumer-schachverein.de\/index.php?rest_route=\/wp\/v2\/users\/7"}],"replies":[{"embeddable":true,"href":"https:\/\/www.husumer-schachverein.de\/index.php?rest_route=%2Fwp%2Fv2%2Fcomments&post=3530"}],"version-history":[{"count":3,"href":"https:\/\/www.husumer-schachverein.de\/index.php?rest_route=\/wp\/v2\/posts\/3530\/revisions"}],"predecessor-version":[{"id":3534,"href":"https:\/\/www.husumer-schachverein.de\/index.php?rest_route=\/wp\/v2\/posts\/3530\/revisions\/3534"}],"wp:attachment":[{"href":"https:\/\/www.husumer-schachverein.de\/index.php?rest_route=%2Fwp%2Fv2%2Fmedia&parent=3530"}],"wp:term":[{"taxonomy":"category","embeddable":true,"href":"https:\/\/www.husumer-schachverein.de\/index.php?rest_route=%2Fwp%2Fv2%2Fcategories&post=3530"},{"taxonomy":"post_tag","embeddable":true,"href":"https:\/\/www.husumer-schachverein.de\/index.php?rest_route=%2Fwp%2Fv2%2Ftags&post=3530"}],"curies":[{"name":"wp","href":"https:\/\/api.w.org\/{rel}","templated":true}]}}