{"id":4393,"date":"2020-03-01T18:58:40","date_gmt":"2020-03-01T16:58:40","guid":{"rendered":"https:\/\/www.husumer-schachverein.de\/?p=4393"},"modified":"2020-03-01T22:47:58","modified_gmt":"2020-03-01T20:47:58","slug":"erfolge-fuer-alle-drei-husumer-mannschaften","status":"publish","type":"post","link":"https:\/\/www.husumer-schachverein.de\/?p=4393","title":{"rendered":"Erfolge f\u00fcr alle drei Husumer Mannschaften"},"content":{"rendered":"\n<p>In der Verbandsliga A trat die erste Mannschaft des Husumer Schachvereins bei der Reserve des SC Eckernf\u00f6rde an. Hierbei galt es f\u00fcr beide Mannschaften, fr\u00fchzeitig entscheidende Punkte zum&nbsp; Klassenerhalt sicherzustellen. F\u00fcr die Husumer sah es von Anfang an gut aus, da Eckernf\u00f6rde Aufstellungssorgen und ein Brett nicht besetzt hatte. Aufgrund der kampflosen 1:0-F\u00fchrung gingen die Husumer Spieler keine Risiken ein. Werner Zielinski-Backens und Birger Boyens gaben ihre Partien fr\u00fch remis, und auch Klaus Seeck und Tomas Renken spielten sicher auf remis. Mannschaftsf\u00fchrer Uwe Jacobsen baute mit einer positionell erstklassig gespielten Partie die F\u00fchrung der Husumer aus, und auch Stephan Hecker gewann seine Partie mit zwei sch\u00f6nen taktischen Schl\u00e4gen. Nach einer Zeit\u00fcberschreitung von Thomas Lehr hie\u00df es am Ende 5:3 f\u00fcr die Husumer G\u00e4ste.<\/p>\n\n\n\n<p>Mit 8:6 Punkten liegen die Husumer auf Platz 4 und k\u00f6nnen den letzten beiden K\u00e4mpfen in der Verbandsliga A gelassen entgegensehen. Am 29. M\u00e4rz ist als N\u00e4chstes der SV Heide zu Gast in Husum.<\/p>\n\n\n\n<p>Die zweite Mannschaft empfing den TSW Rot-Weiss Nieb\u00fcll in der Bezirksliga Nord. Dabei konnten die Husumer Spieler an die zuletzt gezeigten guten Leistungen ankn\u00fcpfen. Nach einem fr\u00fchen Remis von Kay Rathkens am Spitzenbrett erk\u00e4mpften sich die Husumer einen bemerkenswerten Zweipunkte-Vorsprung. Heiko Thomsen gewann seine Partie, und auch Dr. Ulrich Hartge wu\u00dfte mit seinem ersten Sieg in einem Mannschaftskampf zu \u00fcberzeugen. Holger Lund und Kjell-Lewe Fromberg sicherten mit Remispartien den Gesamtsieg, ehe Lennert M\u00f6llgaard ungl\u00fccklich verlor zum aus Husumer Sicht erfreulichen 3,5:2,5-Endstand.<\/p>\n\n\n\n<p>Mit diesem ersten doppelten Punktgewinn auf nunmehr 3:9 Punkte konnte die Husumer Reserve die \u201erote Laterne\u201c in der Tabelle der Bezirksliga Nord an den punktgleichen SV VHS Rendsburg II abgegeben. Und genau bei dieser Rendsburger Mannschaft gilt es f\u00fcr die Husumer, zum Saisonausklang anzutreten und im Falle weiterer Punktgewinne sogar noch zum Mittelfeld in der Bezirksliga Nord aufzuschlie\u00dfen.<\/p>\n\n\n\n<p>Die dritte Mannschaft des Husumer Schachvereins empfing den SC Eckernf\u00f6rde III. Dabei gelang den Husumern mit einem 3:1 der zweite Sieg in dieser Saison. Die Jugendspieler Kristopher-Antonius Quint und Cornelius-\u00c4gidian Quint erwiesen sich einmal mehr als Punktegaranten und legten mit schnellen&nbsp; Gewinnpartien einen 2:0-Vorsprung vor.&nbsp; Nach einer Niederlage von Hans-Hermann Friedrichsen sicherte Kurt P\u00f6ppel mit einem Sieg \u00fcber seinen als st\u00e4rker eingesch\u00e4tzten Gegner den Mannschaftserfolg.<\/p>\n\n\n\n<p>Mit 5:9 Punkten haben die Husumer nun zum Mittelfeld der Tabelle aufgeschlossen. Beim letzten Spiel der Saison beim Tabellennachbarn Kropper SC II gilt es noch einmal, Punkte zu sammeln, ehe man in der letzten Runde spielfrei ist und das Geschehen in der Bezirksklasse Nord nicht mehr beeinflussen kann.<\/p>\n\n\n<p><a href=\"https:\/\/schachverband-sh.de\/de\/verbandsliga-a-2019?view=runde&amp;saison=3&amp;liga=43&amp;runde=7&amp;dg=1\">Verbandsliga A, 7.Spieltag<\/a><\/p>\n<p><a href=\"https:\/\/schachverband-sh.de\/de\/bezirksliga-nord-2019?view=runde&amp;saison=3&amp;liga=63&amp;runde=6&amp;dg=1\">Bezirksliga Nord, 6.Spieltag<\/a><\/p>\n<p><a href=\"https:\/\/schachverband-sh.de\/de\/bezirksklasse-nord-neu?view=runde&amp;saison=3&amp;liga=60&amp;runde=7&amp;dg=1\">Bezirksklasse Nord, 7.Spieltag<\/a><\/p>","protected":false},"excerpt":{"rendered":"<p>In der Verbandsliga A trat die erste Mannschaft des Husumer Schachvereins bei der Reserve des SC Eckernf\u00f6rde an. Hierbei galt es f\u00fcr beide Mannschaften, fr\u00fchzeitig entscheidende Punkte zum&nbsp; Klassenerhalt sicherzustellen. F\u00fcr die Husumer sah es von Anfang an gut aus, &hellip; <a href=\"https:\/\/www.husumer-schachverein.de\/?p=4393\">Weiterlesen <span class=\"meta-nav\">&rarr;<\/span><\/a><\/p>\n","protected":false},"author":7,"featured_media":0,"comment_status":"closed","ping_status":"closed","sticky":false,"template":"","format":"standard","meta":{"footnotes":""},"categories":[1],"tags":[],"class_list":["post-4393","post","type-post","status-publish","format-standard","hentry","category-allgemein"],"_links":{"self":[{"href":"https:\/\/www.husumer-schachverein.de\/index.php?rest_route=\/wp\/v2\/posts\/4393","targetHints":{"allow":["GET"]}}],"collection":[{"href":"https:\/\/www.husumer-schachverein.de\/index.php?rest_route=\/wp\/v2\/posts"}],"about":[{"href":"https:\/\/www.husumer-schachverein.de\/index.php?rest_route=\/wp\/v2\/types\/post"}],"author":[{"embeddable":true,"href":"https:\/\/www.husumer-schachverein.de\/index.php?rest_route=\/wp\/v2\/users\/7"}],"replies":[{"embeddable":true,"href":"https:\/\/www.husumer-schachverein.de\/index.php?rest_route=%2Fwp%2Fv2%2Fcomments&post=4393"}],"version-history":[{"count":3,"href":"https:\/\/www.husumer-schachverein.de\/index.php?rest_route=\/wp\/v2\/posts\/4393\/revisions"}],"predecessor-version":[{"id":4397,"href":"https:\/\/www.husumer-schachverein.de\/index.php?rest_route=\/wp\/v2\/posts\/4393\/revisions\/4397"}],"wp:attachment":[{"href":"https:\/\/www.husumer-schachverein.de\/index.php?rest_route=%2Fwp%2Fv2%2Fmedia&parent=4393"}],"wp:term":[{"taxonomy":"category","embeddable":true,"href":"https:\/\/www.husumer-schachverein.de\/index.php?rest_route=%2Fwp%2Fv2%2Fcategories&post=4393"},{"taxonomy":"post_tag","embeddable":true,"href":"https:\/\/www.husumer-schachverein.de\/index.php?rest_route=%2Fwp%2Fv2%2Ftags&post=4393"}],"curies":[{"name":"wp","href":"https:\/\/api.w.org\/{rel}","templated":true}]}}