{"id":4528,"date":"2020-06-03T16:32:07","date_gmt":"2020-06-03T14:32:07","guid":{"rendered":"https:\/\/www.husumer-schachverein.de\/?p=4528"},"modified":"2020-06-03T16:32:09","modified_gmt":"2020-06-03T14:32:09","slug":"spielbetrieb-faellt-aus-bis-zur-sommerpause-naechster-haltepunkt-anfang-august","status":"publish","type":"post","link":"https:\/\/www.husumer-schachverein.de\/?p=4528","title":{"rendered":"Spielbetrieb f\u00e4llt aus bis zur Sommerpause &#8211; n\u00e4chster Haltepunkt: Anfang August"},"content":{"rendered":"\n<p>Auch wenn vielerorts erste Lockerungsma\u00dfnahmen in der Corona-Pandemie vorgenommen werden, bedeutet dies f\u00fcr unseren Spielbetrieb vor Ort dennoch, da\u00df der Vorstand derzeit keine M\u00f6glichkeit sieht, dem Schachspiel in entspannter oder auch Wettkampf-Atmosph\u00e4re wie gewohnt  am Brett nachzugehen.&nbsp;<\/p>\n\n\n\n<p>Daher fallen auch die im Juni angesetzten Termine vor den Sommerferien  am 09. Juni (B\u00fcrgermeisterpokal-Finale), 16. Juni (Schnellschach-Turnier) und 23. Juni (Blitzschach-Turnier) sowie der Jugend-Mannschaftskampf am 14. Juni aus bzw. werden auf einen sp\u00e4teren Zeitpunkt verlegt. <\/p>\n\n\n\n<p>In welcher Form und wann die seit Mitte M\u00e4rz ausgefallenen Vereins-Termine nachgeholt werden, wird zu einem sp\u00e4teren Zeitpunkt von Vorstand und Turnierleitung entschieden werden. Der n\u00e4chste Haltepunkt ist f\u00fcr Anfang August nach den Sommerferien vorgesehen.&nbsp;<\/p>\n\n\n\n<p>Bez\u00fcglich der weiteren Mannschaftsk\u00e4mpfe der noch nicht abgeschlossenen Saison 2019-20 warten wir auf Entscheidungen und Terminvorgaben der Schachverb\u00e4nde.<\/p>\n\n\n\n<p>F\u00fcr alle Turniere der laufenden Saison gilt, da\u00df alle bis zur Unterbrechung wegen der Corona-Pandemie im M\u00e4rz 2020 gespielten Wertungspartien, sei es in Vereinsturnieren oder Mannschaftsk\u00e4mpfen, aktuell bez\u00fcglich der DWZ-Zahlen ausgewertet wurden. Die neue Vereinsrangliste auf Basis der DWZ-Zahlen kann also aktuell eingesehen werden.<\/p>\n","protected":false},"excerpt":{"rendered":"<p>Auch wenn vielerorts erste Lockerungsma\u00dfnahmen in der Corona-Pandemie vorgenommen werden, bedeutet dies f\u00fcr unseren Spielbetrieb vor Ort dennoch, da\u00df der Vorstand derzeit keine M\u00f6glichkeit sieht, dem Schachspiel in entspannter oder auch Wettkampf-Atmosph\u00e4re wie gewohnt am Brett nachzugehen.&nbsp; Daher fallen auch &hellip; <a href=\"https:\/\/www.husumer-schachverein.de\/?p=4528\">Weiterlesen <span class=\"meta-nav\">&rarr;<\/span><\/a><\/p>\n","protected":false},"author":7,"featured_media":0,"comment_status":"closed","ping_status":"closed","sticky":false,"template":"","format":"standard","meta":{"footnotes":""},"categories":[1],"tags":[],"class_list":["post-4528","post","type-post","status-publish","format-standard","hentry","category-allgemein"],"_links":{"self":[{"href":"https:\/\/www.husumer-schachverein.de\/index.php?rest_route=\/wp\/v2\/posts\/4528","targetHints":{"allow":["GET"]}}],"collection":[{"href":"https:\/\/www.husumer-schachverein.de\/index.php?rest_route=\/wp\/v2\/posts"}],"about":[{"href":"https:\/\/www.husumer-schachverein.de\/index.php?rest_route=\/wp\/v2\/types\/post"}],"author":[{"embeddable":true,"href":"https:\/\/www.husumer-schachverein.de\/index.php?rest_route=\/wp\/v2\/users\/7"}],"replies":[{"embeddable":true,"href":"https:\/\/www.husumer-schachverein.de\/index.php?rest_route=%2Fwp%2Fv2%2Fcomments&post=4528"}],"version-history":[{"count":2,"href":"https:\/\/www.husumer-schachverein.de\/index.php?rest_route=\/wp\/v2\/posts\/4528\/revisions"}],"predecessor-version":[{"id":4530,"href":"https:\/\/www.husumer-schachverein.de\/index.php?rest_route=\/wp\/v2\/posts\/4528\/revisions\/4530"}],"wp:attachment":[{"href":"https:\/\/www.husumer-schachverein.de\/index.php?rest_route=%2Fwp%2Fv2%2Fmedia&parent=4528"}],"wp:term":[{"taxonomy":"category","embeddable":true,"href":"https:\/\/www.husumer-schachverein.de\/index.php?rest_route=%2Fwp%2Fv2%2Fcategories&post=4528"},{"taxonomy":"post_tag","embeddable":true,"href":"https:\/\/www.husumer-schachverein.de\/index.php?rest_route=%2Fwp%2Fv2%2Ftags&post=4528"}],"curies":[{"name":"wp","href":"https:\/\/api.w.org\/{rel}","templated":true}]}}