{"id":902,"date":"2013-03-08T15:49:28","date_gmt":"2013-03-08T13:49:28","guid":{"rendered":"http:\/\/www.husumer-schachverein.de\/?p=902"},"modified":"2013-03-08T15:49:28","modified_gmt":"2013-03-08T13:49:28","slug":"husumer-sv-wieder-tabellenfuhrer","status":"publish","type":"post","link":"https:\/\/www.husumer-schachverein.de\/?p=902","title":{"rendered":"Husumer SV wieder Tabellenf\u00fchrer"},"content":{"rendered":"<p><span style=\"font-family: Microsoft Sans Serif,serif;\"><span style=\"font-size: small;\">Husumer Schachverein \u00fcbernimmt Tabellenf\u00fchrung<\/span><\/span><\/p>\n<p><span style=\"font-family: Microsoft Sans Serif,serif;\"><span style=\"font-size: small;\">In der Verbandsliga Nord kam es in der siebten Runde zu der Spitzenbegegnung zwischen Husum und Leck. Nachdem vor zwei Jahren dieser Kampf unter \u00e4hnlichen Vorzeichen denkbar knapp an die Schachspieler aus Leck gegangen war, die in der Folge in die Landesliga auf- und leider direkt wieder abstiegen, waren die Husumer Spieler besonders motiviert und witterten die Gelegenheit zu einer Revanche.<\/span><\/span><\/p>\n<p><span style=\"font-family: Microsoft Sans Serif,serif;\"><span style=\"font-size: small;\">So ergaben sich an fast allen Brettern stark umk\u00e4mpfte Partien, lediglich am achten Brett einigte sich Bernd Ahrens zeitig mit seinem Gegner auf Remis. An den Brettern 2, 4 und 6 hatten Tomas Renken, Birger Boyens und Uwe Jacobsen jeweils die wei\u00dfen Steine und nutzten ihren Anzugsvorteil in der Er\u00f6ffnung zum Aufbau guter Mittelspiele, w\u00e4hrend an den ungeraden Brettern die Husumer Spieler die schwarzen Steine f\u00fchrten und um Ausgleich k\u00e4mpften: am ersten Brett gelang dies Rolf Behnk mit einer sehr taktisch gepr\u00e4gten Variante der Sizilianischen Verteidigung, in der er gutes Gegenspiel und sp\u00e4ter sogar Vorteil erlangte; am dritten Brett opferte Klaus Seeck im riskanten Budapester Gambit einen Bauern, den er kurz darauf mit Ausgleich zur\u00fcckeroberte; an Brett 5 konnte Thomas Lehr nach langer Verteidigung mit einer g\u00fcnstigen Bauernstruktur in ein vorteilhaftes Endspiel abwickeln und Stefan Hecker erreichte bereits im Mittelspiel vollen Ausgleich und sp\u00e4ter klaren Vorteil. Es sah aus Husumer Sicht insgesamt also gut aus, nur die Verwandlung der Vorteile in Punkte machte gegen die starken Gegner Schwierigkeiten. Dies zeigte sich besonders deutlich in der Partie von Uwe Jacobsen, der in Zeitnot seinen Vorteil verspielte und verlor. Auch Tomas Renken konnte trotz guter Stellung gegen die aktive Verteidigung seines Gegners zun\u00e4chst nicht viel erreichen. Inzwischen hatten Birger Boyens und Thomas Lehr nach sehr starkem Spiel ihre Partien zu ihren Gunsten entscheiden k\u00f6nnen und Stefan Hecker stand klar auf Sieg. <\/span><\/span><\/p>\n<p><span style=\"font-family: Microsoft Sans Serif,serif;\"><span style=\"font-size: small;\">Der Zwischenstand von 2,5 : 1,5 war schon mal ein kleiner Erfolg. Die Frage war nur, ob es gelingen w\u00fcrde, den Mannschaftssieg zu sichern, zumal sich in der Partie von Rolf Behnk ein Zeitnotgefecht anbahnte und das Endspiel f\u00fcr Klaus Seeck immer schwieriger wurde und schlie\u00dflich der Verlust nicht mehr abzuwenden war. Dar\u00fcber hinaus vergab Stefan Hecker nach einigen ungenauen Z\u00fcgen seine klare Gewinnstellung und setzte zum Schluss seinen Gegner noch unfreiwillig Patt. <\/span><\/span><\/p>\n<p><span style=\"font-family: Microsoft Sans Serif,serif;\"><span style=\"font-size: small;\">Am Ende fiel die Entscheidung an den ersten beiden Brettern, an denen Rolf Behnk versuchte seinen Vorteil zu verwandeln und schlie\u00dflich in ein Remis einwilligen musste, w\u00e4hrend Tomas Renken um das Remis k\u00e4mpfte und schlie\u00dflich seine Partie unter Mithilfe des Gegners gewann. <\/span><\/span><\/p>\n<p><span style=\"font-family: Microsoft Sans Serif,serif;\"><span style=\"font-size: small;\">Damit war der Husumer Sieg mit 4,5 : 3,5 Punkten perfekt! <\/span><\/span><\/p>\n","protected":false},"excerpt":{"rendered":"<p>Husumer Schachverein \u00fcbernimmt Tabellenf\u00fchrung In der Verbandsliga Nord kam es in der siebten Runde zu der Spitzenbegegnung zwischen Husum und Leck. Nachdem vor zwei Jahren dieser Kampf unter \u00e4hnlichen Vorzeichen denkbar knapp an die Schachspieler aus Leck gegangen war, die &hellip; <a href=\"https:\/\/www.husumer-schachverein.de\/?p=902\">Weiterlesen <span class=\"meta-nav\">&rarr;<\/span><\/a><\/p>\n","protected":false},"author":5,"featured_media":0,"comment_status":"open","ping_status":"closed","sticky":false,"template":"","format":"standard","meta":{"footnotes":""},"categories":[1],"tags":[],"class_list":["post-902","post","type-post","status-publish","format-standard","hentry","category-allgemein"],"_links":{"self":[{"href":"https:\/\/www.husumer-schachverein.de\/index.php?rest_route=\/wp\/v2\/posts\/902","targetHints":{"allow":["GET"]}}],"collection":[{"href":"https:\/\/www.husumer-schachverein.de\/index.php?rest_route=\/wp\/v2\/posts"}],"about":[{"href":"https:\/\/www.husumer-schachverein.de\/index.php?rest_route=\/wp\/v2\/types\/post"}],"author":[{"embeddable":true,"href":"https:\/\/www.husumer-schachverein.de\/index.php?rest_route=\/wp\/v2\/users\/5"}],"replies":[{"embeddable":true,"href":"https:\/\/www.husumer-schachverein.de\/index.php?rest_route=%2Fwp%2Fv2%2Fcomments&post=902"}],"version-history":[{"count":3,"href":"https:\/\/www.husumer-schachverein.de\/index.php?rest_route=\/wp\/v2\/posts\/902\/revisions"}],"predecessor-version":[{"id":905,"href":"https:\/\/www.husumer-schachverein.de\/index.php?rest_route=\/wp\/v2\/posts\/902\/revisions\/905"}],"wp:attachment":[{"href":"https:\/\/www.husumer-schachverein.de\/index.php?rest_route=%2Fwp%2Fv2%2Fmedia&parent=902"}],"wp:term":[{"taxonomy":"category","embeddable":true,"href":"https:\/\/www.husumer-schachverein.de\/index.php?rest_route=%2Fwp%2Fv2%2Fcategories&post=902"},{"taxonomy":"post_tag","embeddable":true,"href":"https:\/\/www.husumer-schachverein.de\/index.php?rest_route=%2Fwp%2Fv2%2Ftags&post=902"}],"curies":[{"name":"wp","href":"https:\/\/api.w.org\/{rel}","templated":true}]}}